{"id":16556,"date":"2026-02-26T14:26:25","date_gmt":"2026-02-26T19:26:25","guid":{"rendered":"https:\/\/barranquillamas20.com\/?p=16556"},"modified":"2026-02-26T14:27:30","modified_gmt":"2026-02-26T19:27:30","slug":"cop13","status":"publish","type":"post","link":"https:\/\/barranquillamas20.com\/en\/cop13\/","title":{"rendered":"COP13"},"content":{"rendered":"<p>En el marco de la celebraci\u00f3n de la decimotercera conferencia de las Naciones Unidas sobre Biodiversidad realizada del 4 al 17 de diciembre en Canc\u00fan, M\u00e9xico; Barranquilla+20 cont\u00f3 con la participaci\u00f3n de Xiomara Acevedo y Dora Tafur, quienes hicieron parte de la delegaci\u00f3n de los j\u00f3venes. La<strong> COP13<\/strong>, es impulsada a ra\u00edz del Convenio sobre la Diversidad Biol\u00f3gica, formada por 196 estados y la Uni\u00f3n Europea. En ella, m\u00e1s de 10.000 participantes se re\u00fanen para negociar acuerdos que den impulso a la conservaci\u00f3n y uso sustentable de la biodiversidad.&nbsp;<\/p>\n\n\n\n<p>Elevar las voces de los j\u00f3venes por la conservaci\u00f3n de la biodiversidad, fue el prop\u00f3sito de nuestra asistencia y a su vez adquirir conocimientos para reforzar nuestro trabajo a nivel local; necesitamos hacer mayores esfuerzos para promover el valor de la biodiversidad y concientizar a los habitantes del planeta sobre ello.<\/p>\n\n\n\n<p>A medida que la biodiversidad disminuye, debilitamos la capacidad de la naturaleza para proveer los servicios vitales que requerimos &#8211; agua limpia, aire fresco, alimentos y un clima estable -, todos ellos esenciales para la supervivencia humana.<\/p>\n\n\n\n<p>Durante el desarrollo de las jornadas de trabajo se vieron esfuerzos considerables para progresar, dado que hay una mayor conciencia sobre el problema de la protecci\u00f3n de la biodiversidad. Existen grandes retos y un panorama muy alentador sobre los avances para alcanzar un mayor n\u00famero de metas de Aichi.<\/p>\n\n\n\n<p>Finalmente, con el establecimiento de una hoja de ruta por parte de 196 pa\u00edses para integrar a los sectores agr\u00edcola, pesquero, forestal y tur\u00edstico en el cuidado al medio ambiente y la b\u00fasqueda de un desarrollo sostenible.<\/p>","protected":false},"excerpt":{"rendered":"<p>En el marco de la celebraci\u00f3n de la decimotercera conferencia de las Naciones Unidas sobre Biodiversidad realizada del 4 al 17 de diciembre en Canc\u00fan, M\u00e9xico; Barranquilla+20 cont\u00f3 con la participaci\u00f3n de Xiomara Acevedo y Dora Tafur, quienes hicieron parte de la delegaci\u00f3n de los j\u00f3venes. La COP13, es impulsada a ra\u00edz del Convenio sobre [&hellip;]<\/p>\n","protected":false},"author":13,"featured_media":16558,"comment_status":"closed","ping_status":"closed","sticky":false,"template":"","format":"standard","meta":{"footnotes":""},"categories":[1],"tags":[],"class_list":["post-16556","post","type-post","status-publish","format-standard","has-post-thumbnail","hentry","category-uncategorized"],"_links":{"self":[{"href":"https:\/\/barranquillamas20.com\/en\/wp-json\/wp\/v2\/posts\/16556","targetHints":{"allow":["GET"]}}],"collection":[{"href":"https:\/\/barranquillamas20.com\/en\/wp-json\/wp\/v2\/posts"}],"about":[{"href":"https:\/\/barranquillamas20.com\/en\/wp-json\/wp\/v2\/types\/post"}],"author":[{"embeddable":true,"href":"https:\/\/barranquillamas20.com\/en\/wp-json\/wp\/v2\/users\/13"}],"replies":[{"embeddable":true,"href":"https:\/\/barranquillamas20.com\/en\/wp-json\/wp\/v2\/comments?post=16556"}],"version-history":[{"count":1,"href":"https:\/\/barranquillamas20.com\/en\/wp-json\/wp\/v2\/posts\/16556\/revisions"}],"predecessor-version":[{"id":16557,"href":"https:\/\/barranquillamas20.com\/en\/wp-json\/wp\/v2\/posts\/16556\/revisions\/16557"}],"wp:featuredmedia":[{"embeddable":true,"href":"https:\/\/barranquillamas20.com\/en\/wp-json\/wp\/v2\/media\/16558"}],"wp:attachment":[{"href":"https:\/\/barranquillamas20.com\/en\/wp-json\/wp\/v2\/media?parent=16556"}],"wp:term":[{"taxonomy":"category","embeddable":true,"href":"https:\/\/barranquillamas20.com\/en\/wp-json\/wp\/v2\/categories?post=16556"},{"taxonomy":"post_tag","embeddable":true,"href":"https:\/\/barranquillamas20.com\/en\/wp-json\/wp\/v2\/tags?post=16556"}],"curies":[{"name":"wp","href":"https:\/\/api.w.org\/{rel}","templated":true}]}}